{"id":1969,"date":"2018-09-20T11:10:12","date_gmt":"2018-09-20T14:10:12","guid":{"rendered":"http:\/\/www.ambientenino.cl\/wp\/?p=1969"},"modified":"2020-11-07T11:05:57","modified_gmt":"2020-11-07T14:05:57","slug":"colegio-maison-de-lenfance-filosofia-freinet","status":"publish","type":"post","link":"http:\/\/www.ambientenino.cl\/wp\/colegio-maison-de-lenfance-filosofia-freinet\/","title":{"rendered":"La Maison de l\u00b4Enfance y la filosof\u00eda Freinet"},"content":{"rendered":"\n\t\t\t\t<div class=\"mr_social_sharing_wrapper\">\n\t\t\t\t<!-- Social Sharing Toolkit v2.2 --><span class=\"mr_social_sharing\"><span style=\"display: inline-block; width: 51px; height: 21px; overflow: hidden;\"><div class=\"fb-like\" data-href=\"http:\/\/www.ambientenino.cl\/wp\/colegio-maison-de-lenfance-filosofia-freinet\/\" data-send=\"false\" data-width=\"51\" data-show-faces=\"false\"><\/div><\/span><\/span><span class=\"mr_social_sharing\"><div class=\"g-plusone\" data-size=\"medium\" data-annotation=\"none\" data-href=\"http:\/\/www.ambientenino.cl\/wp\/colegio-maison-de-lenfance-filosofia-freinet\/\"><\/div><\/span><span class=\"mr_social_sharing\"><script type=\"IN\/Share\" data-url=\"http:\/\/www.ambientenino.cl\/wp\/colegio-maison-de-lenfance-filosofia-freinet\/\"><\/script><\/span><span class=\"mr_social_sharing\"><a href=\"https:\/\/twitter.com\/share\" class=\"twitter-share-button\" data-count=\"none\" data-url=\"http:\/\/www.ambientenino.cl\/wp\/colegio-maison-de-lenfance-filosofia-freinet\/\" data-text=\"La Maison de l\u00b4Enfance y la filosof\u00eda Freinet\"><\/a><\/span><span class=\"mr_social_sharing\"><a rel=\"nofollow\" class=\"linksalpha_button linksalpha_link\" href=\"\/\/www.linksalpha.com\/social\/mobile\" data-url=\"http:\/\/www.ambientenino.cl\/wp\/colegio-maison-de-lenfance-filosofia-freinet\/\" data-text=\"La Maison de l\u00b4Enfance y la filosof\u00eda Freinet\" data-desc=\"\u00a0 El trabajo en la escuela, seg\u00fan Freinet, se basa en la idea de que \u201cNo hay en el ni\u00f1o necesidad natural de juego: no hay sino necesidad del trabajo, es decir, la necesidad org\u00e1nica de gastar el potencial de vida en una actividad a la vez individual y social, que tenga un fin\" data-image=\"http:\/\/www.ambientenino.cl\/wp\/wp-content\/uploads\/Maison-Explora-Tierra-150x150.jpg\" data-button=\"\">\n\t\t\t\t\t<img src=\"\/\/www.linksalpha.com\/images\/social_share_button.png\" alt=\"Share\" class=\"linksalpha_image\" \/>\n\t\t\t\t\t<\/a><script type=\"text\/javascript\" src=\"\/\/www.linksalpha.com\/scripts\/loader_iconbox.js?v=2.4\"><\/script><\/span><\/div><p>&nbsp;<\/p>\n<p style=\"text-align: left;\"><span style=\"color: #993300;\"><strong><em><span style=\"color: #800000;\">El trabajo en la escuela, seg\u00fan Freinet, se basa en la idea de que <\/span>\u201cNo hay en el ni\u00f1o necesidad natural de juego: no hay sino necesidad del trabajo, es decir, la necesidad org\u00e1nica de gastar el potencial de vida en una actividad a la vez individual y social, que tenga un fin perfectamente comprendido, a la medida de las posibilidades infantiles\u201d<\/em><\/strong><\/span><br \/>\n<span style=\"color: #993300;\"><strong><em>\u201cCon el trabajo se estimula el deseo permanente, propio de la infancia, de superarse, de superar a los otros, de ganar victorias grandes o peque\u00f1as, de dominar a alguien o algo\u201d<\/em><\/strong><\/span><br \/>\n<span style=\"color: #993300;\"><strong><em>\u201cEl proceso de aprendizaje se basa en la: observaci\u00f3n, experimentaci\u00f3n, acci\u00f3n y no solo en la raz\u00f3n como lo hace la pedagog\u00eda tradicional.\u201d<\/em><\/strong><\/span><\/p>\n<p style=\"text-align: right;\"><span style=\"color: #993300;\">&nbsp; &nbsp; &nbsp; &nbsp; &nbsp; &nbsp; &nbsp; &nbsp; &nbsp; &nbsp; &nbsp; &nbsp; &nbsp; &nbsp; &nbsp; &nbsp; &nbsp; &nbsp; &nbsp; &nbsp; &nbsp; &nbsp; &nbsp; &nbsp; &nbsp; &nbsp; &nbsp; &nbsp; &nbsp; &nbsp; &nbsp; &nbsp; &nbsp; &nbsp; &nbsp; &nbsp; &nbsp; &nbsp; &nbsp; &nbsp; &nbsp; &nbsp; &nbsp; &nbsp; &nbsp; &nbsp; &nbsp; &nbsp; &nbsp; &nbsp; &nbsp; &nbsp; &nbsp; &nbsp; &nbsp; &nbsp; &nbsp; &nbsp; &nbsp; &nbsp; La Escuela Moderna:<strong>&nbsp;Celestin Freinet<\/strong><\/span><\/p>\n<p>&nbsp;<\/p>\n<p>&nbsp;<\/p>\n<p style=\"text-align: center;\"><strong><span style=\"color: #993300;\">DAR LA PALABRA AL NI\u00d1O<\/span><\/strong><\/p>\n<p><strong><span style=\"color: #993300;\"> \u201cSi quer\u00e9is ni\u00f1os inteligentes, capaces de levantar la cabeza y de escoger los senderos, es necesario que tambi\u00e9n vosotros enfoqu\u00e9is las cosas de otra forma, que sep\u00e1is conservar en vuestros cabritos el apetito de los brotes tiernos, el instinto delicado que les hace mordisquear prudentemente las hierbas sospechosas y el desbordamiento de vida que parece alimentarse de primavera y de belleza. Solo que ya no tendr\u00e9is el tranquilo pisoteo del reba\u00f1o que desfila siempre por los mismos caminos. Tendr\u00e9is personalidades que se forman y se enfrentan, cabezas que se paran a mirar al cielo, voces que se llaman a trav\u00e9s de la monta\u00f1a. Pero sentir\u00e9is tambi\u00e9n el invencible estremecimiento de la vida.\u201d La RED IBEROAMERICANA ESCOLAR integrada por maestros y alumnos de diversos pa\u00edses alrededor del mundo recupera los PRINCIPIOS DE LA PEDAGOG\u00cdA FREINET y se une al gran movimiento por la renovaci\u00f3n y la modernizaci\u00f3n. Movimiento que todos juntos organizaremos, con el objetivo de construir la ESCUELA MODERNA, que nuestros alumnos y pueblos se merecen. Convencidos de la necesidad urgente de \u201cPONER AL SERVICIO DE LOS NI\u00d1OS DE ESTE SIGLO XXI UNA EDUCACI\u00d3N QUE RESPONDA A LAS NECESIDADES INDIVIDUALES, SOCIALES, INTELECTUALES, T\u00c9CNICAS Y MORALES DE LA VIDA DE LA SOCIEDAD. En una \u00e9poca de desarrollo de nuevas tecnolog\u00edas y medios de comunicaci\u00f3n como la televisi\u00f3n por cable, Internet, telefon\u00eda celular, el PROYECTO R.I.E. (Red Iberoamericana Escolar) tiene como prop\u00f3sito fundamental contribuir a crear estrategias que nos lleven a * \u00a1DAR LA PALABRA AL NI\u00d1O! <\/span><\/strong><\/p>\n<p><strong><span style=\"color: #993300;\">C\u00c9LESTIN FREINET, pedagogo franc\u00e9s, propuso una forma de entender la educaci\u00f3n y t\u00e9cnicas para instrumentalizar su filosof\u00eda. Propone una filosof\u00eda basada en el ni\u00f1o, en sus posibilidades, necesidades y deseos. Introdujo EL M\u00c9TODO NATURAL DE APRENDIZAJE, un m\u00e9todo que permitiese al ni\u00f1o aprender en la escuela como aprend\u00eda en la vida. Esto es, el m\u00e9todo del TANTEO EXPERIMENTAL, de las aproximaciones sucesivas y del ensayo \/error. Para lograr este objetivo, utiliza las denominadas T\u00c9CNICAS FREINET- El colegio MAISON DE L\u2019 ENFANCE, utiliza la filosof\u00eda Freinet y algunas de sus t\u00e9cnicas. Su quehacer cotidiano se centra en las posibilidades del ni\u00f1o, para alimentarlas y hacerlas desarrollar a trav\u00e9s de las actividades l\u00fadicas y de TRABAJO que su edad permita. EL TRABAJO es una de las nociones fundamentales en la concepci\u00f3n y la pr\u00e1ctica educativa. El trabajo como actividad organizada, cooperativa y responsable; como actividad \u00fatil al individuo y al grupo, COMO INSTRUMENTO DE APRENDIZAJE INDIVIDUAL Y SOCIAL, TE\u00d3RICO Y PR\u00c1CTICO. Los diferentes m\u00e9todos y estrategias de este aprendizaje utilizados en el Colegio \u201cMaison de l\u2019Enfance\u201c son: EL TANTEO EXPERIMENTAL. M\u00e9todo de las aproximaciones sucesivas, del ensayo y error, M\u00c9TODO NATURAL DE APRENDIZAJE que permite al ni\u00f1o aprender en la escuela como aprende en la vida. As\u00ed como el ni\u00f1o peque\u00f1o aprende a andar y a hablar es as\u00ed como el ni\u00f1o mayor DEBE APRENDER A LEER, A CONTAR, A ESCRIBIR. Es un m\u00e9todo centrado fundamentalmente en la acci\u00f3n del ni\u00f1o COOPERATIVISMO Opuesto al individualismo. El instinto y la pr\u00e1ctica cooperativa se pone de manifiesto no s\u00f3lo en la forma de organizar las actividades de la clase sino en el patio, en las ferias, en los viajes, en el trabajo colectivo\u2026 Usamos tambi\u00e9n de forma regular, EL TEXTO LIBRE, LAS CONFERENCIAS ESCOLARES, LAS ASAMBLEAS verdaderos ejercicios de ciudadan\u00eda estudiantil. LAS CLASES HETEROG\u00c9NEAS en que la diversidad de edad permite el INTERCAMBIO DE SABERES, LOS TALLERES,LOS REPORTES DE LECTURA, LAS SALIDAS PEDAG\u00d3GICAS varios de ellos impartidos por profesores externos que traen su especialidad para darle un PLUS AL CURRICULUM. LOS INFORMES DE LECTURA\u2026(A veces son apoderados del oficio). EXPRESI\u00d3N PL\u00c1STICA En la \u201cMaison de l\u2019Enfance\u201d: LA PL\u00c1STICA ocupa un lugar important\u00edsimo, se destaca especialmente el trabajo colectivo de grandes formatos, la reutilizaci\u00f3n de residuos, la experimentaci\u00f3n permanente con diversos materiales, formatos y t\u00e9cnicas. Teniendo los ni\u00f1os acceso a distintos artistas desde temprana edad, lo que hace que su mirada sea m\u00e1s profunda y aguda (EST\u00c9TICA, LA RECURSER\u00cdA es un lugar en que se clasifican y ordenan intencionadamente diferentes materiales de residuos( o desechos) para luego, ser reutilizados en actividades cognitivas, l\u00fadicas o fabricaci\u00f3n de objetos para ser vendidos por los propios ni\u00f1os que aprecian el valor del trabajo remunerado (talleres productivos) TECNOLOG\u00cdAS ALTERNATIVAS: somos un Colegio que cuenta con CERTIFICACI\u00d3N AMBIENTAL. Dada nuestra utilizaci\u00f3n de TECNOLOG\u00cdAS ALTERNATIVAS como los calentadores solares, las aboneras, la cocina solar, y disecaci\u00f3n de alimento practicada en el per\u00edodo de verano. Somos uno de los colegio de CHILE VERDE Por otro lado, pertenecemos a la RED DE LAS ESCUELAS ASOCIADAS DE LA UNESCO. Cooperamos con la UNIVERSIDAD DIEGO PORTALES, que trabaja el aspecto comunicacional de la metodolog\u00eda FREINET. Somos tambi\u00e9n, Centro de Pr\u00e1cticas de las Universidades ACADEMIA DE HUMANISMO CRISTIANO, UMCE, UNIVERSIDAD CENTRAL. UNIVERSIDAD DE CHILE, UNIVERSIDAD FINIS TERRAE. Pertenecemos adem\u00e1s a la *Red Iberoamericana Escolar.<\/span><\/strong><\/p>\n<p>&nbsp;<\/p>\n<p>&nbsp;<\/p>\n<p>&nbsp;<\/p>\n<p>&nbsp;<\/p>\n<p>&nbsp;<\/p>\n<p>&nbsp;<\/p>\n<p><a title=\"Maison De L' Enfance\" href=\"https:\/\/www.facebook.com\/Maison-de-l-Enfance-729006033946441\/\" target=\"_TOP\" rel=\"noopener noreferrer\">Maison De L&#8217; Enfance<\/a><a title=\"Maison De L' Enfance\" href=\"https:\/\/www.facebook.com\/Maison-de-l-Enfance-729006033946441\/\" target=\"_TOP\" rel=\"noopener noreferrer\"><img decoding=\"async\" src=\"http:\/\/badge.facebook.com\/badge\/1450565876.3383.430612978.png\" alt=\"\"><\/a><\/p>\n","protected":false},"excerpt":{"rendered":"\n\t\t\t\t<div class=\"mr_social_sharing_wrapper\">\n\t\t\t\t<!-- Social Sharing Toolkit v2.2 --><span class=\"mr_social_sharing\"><span style=\"display: inline-block; width: 51px; height: 21px; overflow: hidden;\"><div class=\"fb-like\" data-href=\"http:\/\/www.ambientenino.cl\/wp\/colegio-maison-de-lenfance-filosofia-freinet\/\" data-send=\"false\" data-width=\"51\" data-show-faces=\"false\"><\/div><\/span><\/span><span class=\"mr_social_sharing\"><div class=\"g-plusone\" data-size=\"medium\" data-annotation=\"none\" data-href=\"http:\/\/www.ambientenino.cl\/wp\/colegio-maison-de-lenfance-filosofia-freinet\/\"><\/div><\/span><span class=\"mr_social_sharing\"><script type=\"IN\/Share\" data-url=\"http:\/\/www.ambientenino.cl\/wp\/colegio-maison-de-lenfance-filosofia-freinet\/\"><\/script><\/span><span class=\"mr_social_sharing\"><a href=\"https:\/\/twitter.com\/share\" class=\"twitter-share-button\" data-count=\"none\" data-url=\"http:\/\/www.ambientenino.cl\/wp\/colegio-maison-de-lenfance-filosofia-freinet\/\" data-text=\"La Maison de l\u00b4Enfance y la filosof\u00eda Freinet\"><\/a><\/span><span class=\"mr_social_sharing\"><a rel=\"nofollow\" class=\"linksalpha_button linksalpha_link\" href=\"\/\/www.linksalpha.com\/social\/mobile\" data-url=\"http:\/\/www.ambientenino.cl\/wp\/colegio-maison-de-lenfance-filosofia-freinet\/\" data-text=\"La Maison de l\u00b4Enfance y la filosof\u00eda Freinet\" data-desc=\"\u00a0 El trabajo en la escuela, seg\u00fan Freinet, se basa en la idea de que \u201cNo hay en el ni\u00f1o necesidad natural de juego: no hay sino necesidad del trabajo, es decir, la necesidad org\u00e1nica de gastar el potencial de vida en una actividad a la vez individual y social, que tenga un fin\" data-image=\"http:\/\/www.ambientenino.cl\/wp\/wp-content\/uploads\/Maison-Explora-Tierra-150x150.jpg\" data-button=\"\">\n\t\t\t\t\t<img src=\"\/\/www.linksalpha.com\/images\/social_share_button.png\" alt=\"Share\" class=\"linksalpha_image\" \/>\n\t\t\t\t\t<\/a><script type=\"text\/javascript\" src=\"\/\/www.linksalpha.com\/scripts\/loader_iconbox.js?v=2.4\"><\/script><\/span><\/div><p>&nbsp; El trabajo en la escuela, seg\u00fan Freinet, se basa en la idea de que \u201cNo hay en el ni\u00f1o necesidad natural de juego: no hay sino necesidad del trabajo, es decir, la necesidad org\u00e1nica de gastar el potencial de&hellip;<\/p>\n<p class=\"more-link-p\"><a class=\"more-link\" href=\"http:\/\/www.ambientenino.cl\/wp\/colegio-maison-de-lenfance-filosofia-freinet\/\">Read more &rarr;<\/a><\/p>\n","protected":false},"author":2,"featured_media":2097,"comment_status":"open","ping_status":"open","sticky":false,"template":"","format":"standard","meta":{"ngg_post_thumbnail":0},"categories":[1],"tags":[],"_links":{"self":[{"href":"http:\/\/www.ambientenino.cl\/wp\/wp-json\/wp\/v2\/posts\/1969"}],"collection":[{"href":"http:\/\/www.ambientenino.cl\/wp\/wp-json\/wp\/v2\/posts"}],"about":[{"href":"http:\/\/www.ambientenino.cl\/wp\/wp-json\/wp\/v2\/types\/post"}],"author":[{"embeddable":true,"href":"http:\/\/www.ambientenino.cl\/wp\/wp-json\/wp\/v2\/users\/2"}],"replies":[{"embeddable":true,"href":"http:\/\/www.ambientenino.cl\/wp\/wp-json\/wp\/v2\/comments?post=1969"}],"version-history":[{"count":12,"href":"http:\/\/www.ambientenino.cl\/wp\/wp-json\/wp\/v2\/posts\/1969\/revisions"}],"predecessor-version":[{"id":2003,"href":"http:\/\/www.ambientenino.cl\/wp\/wp-json\/wp\/v2\/posts\/1969\/revisions\/2003"}],"wp:featuredmedia":[{"embeddable":true,"href":"http:\/\/www.ambientenino.cl\/wp\/wp-json\/wp\/v2\/media\/2097"}],"wp:attachment":[{"href":"http:\/\/www.ambientenino.cl\/wp\/wp-json\/wp\/v2\/media?parent=1969"}],"wp:term":[{"taxonomy":"category","embeddable":true,"href":"http:\/\/www.ambientenino.cl\/wp\/wp-json\/wp\/v2\/categories?post=1969"},{"taxonomy":"post_tag","embeddable":true,"href":"http:\/\/www.ambientenino.cl\/wp\/wp-json\/wp\/v2\/tags?post=1969"}],"curies":[{"name":"wp","href":"https:\/\/api.w.org\/{rel}","templated":true}]}}